{"id":176,"date":"2024-09-03T02:03:47","date_gmt":"2024-09-03T02:03:47","guid":{"rendered":"https:\/\/imgah.com\/?p=176"},"modified":"2024-09-03T02:03:47","modified_gmt":"2024-09-03T02:03:47","slug":"dicas-de-decoracao-como-organizar-seu-espaco-e-torna-lo-funcional","status":"publish","type":"post","link":"https:\/\/imgah.com\/?p=176","title":{"rendered":"Dicas de Decora\u00e7\u00e3o: Como Organizar Seu Espa\u00e7o e Torn\u00e1-lo Funcional!"},"content":{"rendered":"<p> <strong>Dicas de\u200d Decora\u00e7\u00e3o: Como Organizar Seu Espa\u00e7o e Torn\u00e1-lo Funcional!<\/strong><\/p>\n<p>Quando se trata\u200d de \u200bdecorar nossos lares, \u2063muitas\u2063 vezes nos deixamos\u2063 levar pela est\u00e9tica \u200de esquecemos de um dos principais \u2064objetivos: a \u2064funcionalidade. Afinal,\u200c um ambiente bem \u2062decorado\u200b tamb\u00e9m deve ser pr\u00e1tico e atender \u00e0s\u2063 necessidades \u2062di\u00e1rias. Seja em um\u2064 apartamento compacto ou em uma\u200b casa espa\u00e7osa, a \u2063maneira \u2064como\u200b organizamos nosso espa\u00e7o \u200dpode impactar diretamente \u2063nosso\u2063 bem-estar e\u200c produtividade. \u2064Neste \u200bartigo, vamos explorar dicas de decora\u00e7\u00e3o \u2064que\u200d v\u00e3o al\u00e9m da\u200b simples beleza, apresentando \u2063solu\u00e7\u00f5es criativas para\u200d transformar \u200dseu lar \u200cem\u200d um lugar n\u00e3o apenas agrad\u00e1vel aos olhos, mas tamb\u00e9m eficiente e acolhedor.\u2062 Prepare-se para encontrar \u2064inspira\u00e7\u00e3o e aprender como cada \u200bcanto \u2063da\u2062 sua casa pode se tornar um reflexo do seu \u200destilo, sem abrir m\u00e3o da praticidade!<br \/><img decoding=\"async\" class=\"kimage_class\" src=\"http:\/\/imgah.com\/wp-content\/uploads\/2024\/10\/SPAOS1.jpg\" alt=\"- Criando \u200bAmbientes Multifuncionais:\u200b A Arte \u2064da Versatilidade no \u2064Design\"><\/p>\n<h2 id=\"criando-ambientes-multifuncionais-a-arte-da-versatilidade-no-design\">&#8211; Criando\u200c Ambientes Multifuncionais:\u200d A Arte \u2064da Versatilidade\u2062 no Design<\/h2>\n<p>A\u2064 combina\u00e7\u00e3o de est\u00e9tica e funcionalidade \u00e9 o\u2063 cerne de \u200bqualquer espa\u00e7o multifuncional bem \u2063projetado. <strong>Mobili\u00e1rio \u200bmodular<\/strong> \u00e9 uma\u2064 das melhores solu\u00e7\u00f5es para \u2064maximizar a versatilidade do ambiente.\u200c Sof\u00e1s que se transformam em camas, mesas extens\u00edveis\u200d e estantes que \u200bpodem ser\u2064 rearranjadas para diferentes usos\u2063 permitem\u2063 uma adapta\u00e7\u00e3o \u200dr\u00e1pida\u2064 \u00e0s\u2062 necessidades do dia\u2062 a dia. \u200bAo investir \u2064em pe\u00e7as que \u200cpodem \u2062ser \u200butilizadas de\u200d diversas formas, voc\u00ea n\u00e3o s\u00f3 otimiza\u2064 o espa\u00e7o, mas tamb\u00e9m\u2063 traz uma din\u00e2mica interessante ao \u200dseu lar.<\/p>\n<p>Al\u00e9m de \u200descolher\u2063 o\u2062 mobili\u00e1rio adequado, \u2064a <strong>organiza\u00e7\u00e3o vertical<\/strong> \u00e9\u2063 fundamental para manter tudo\u2063 em\u2064 ordem e ainda ter espa\u00e7o livre \u200dpara \u2064circula\u00e7\u00e3o. Prateleiras, ganchos e suportes de parede ajudam \u2063a liberar\u2063 espa\u00e7o\u2063 no ch\u00e3o, \u200bdando uma sensa\u00e7\u00e3o de amplitude.\u2062 Utilize\u200c caixas organizadoras e cestos decorativos para\u200d armazenar pequenos itens, facilitando \u200bo\u2063 acesso sem \u2063comprometer \u200ca est\u00e9tica do ambiente. Considere ainda a escolha de cores \u2064claras e \u200cespelhos, que\u200c ampliam visualmente \u200bo espa\u00e7o e criam uma sensa\u00e7\u00e3o de \u2063ar \u200dfresco e arejado.<\/p>\n<p>a \u2062 <strong>ilumina\u00e7\u00e3o<\/strong> \u2063desempenha um \u200bpapel \u200bcrucial na cria\u00e7\u00e3o de um ambiente vers\u00e1til. Ambientes \u200bbem \u2063iluminados parecem\u200b mais\u2063 amplos e convidativos.\u200d Varie \u2062as fontes de luz, utilizando \u200dl\u00e2mpadas pendentes, abajures e \u200cluzes\u200b embutidas\u200c para transformar rapidamente a atmosfera. Crie zonas distintas dentro de um mesmo espa\u00e7o com \u200cdiferentes \u2064intensidades \u2062de luz; por exemplo, luz mais suave para um canto de\u200b leitura e ilumina\u00e7\u00e3o mais\u200d intensa para \u00e1reas de \u200ctrabalho. Esta estrat\u00e9gia n\u00e3o\u2062 s\u00f3 diversifica\u200d a \u200bfuncionalidade do\u200b ambiente, mas tamb\u00e9m agrega valor\u2063 ao design como um todo.<\/p>\n<p><img decoding=\"async\" class=\"kimage_class\" src=\"http:\/\/www.mpms.mp.br\/portal\/gestao\/apres\/images\/3\/img_ge1.JPG\" alt=\"- \u2064Estrat\u00e9gias\u2063 de Organiza\u00e7\u00e3o: Como Aproveitar\u200b Cada Metro Quadrado\"><\/p>\n<h2 id=\"estrategias-de-organizacao-como-aproveitar-cada-metro-quadrado\">&#8211; Estrat\u00e9gias \u2064de Organiza\u00e7\u00e3o: Como\u2064 Aproveitar \u200dCada Metro Quadrado<\/h2>\n<p>Quando se trata de maximizar\u200d o\u2062 espa\u00e7o\u2062 dispon\u00edvel,\u200b as estrat\u00e9gias de \u2062organiza\u00e7\u00e3o desempenham\u2062 um papel fundamental na cria\u00e7\u00e3o de um ambiente \u2063funcional e \u200dagrad\u00e1vel.\u2062 <strong>M\u00f3veis multifuncionais<\/strong> s\u00e3o excelentes aliados nesse processo, \u2064oferecendo solu\u00e7\u00f5es pr\u00e1ticas que se adaptam \u2064ao seu estilo\u2062 de vida. \u2063Considere op\u00e7\u00f5es como sof\u00e1s-camas, mesas dobr\u00e1veis e at\u00e9 mesmo\u200d caixas de \u200carmazenamento que podem ser utilizadas como bancos. Isso n\u00e3o apenas \u2063libera\u2064 espa\u00e7o, mas tamb\u00e9m \u2062adiciona um toque de modernidade \u00e0\u200d sua decora\u00e7\u00e3o.<\/p>\n<p>Outro aspecto importante \u00e9\u200c a \u200b <strong>zonaliza\u00e7\u00e3o<\/strong> do espa\u00e7o. Dividir\u2064 um ambiente em\u2063 diferentes \u00e1reas de uso pode aumentar a sensa\u00e7\u00e3o de organiza\u00e7\u00e3o \u200ce fluidez. Voc\u00ea pode usar estantes abertas para delimitar \u200cvisualmente\u200c as zonas, criando uma separa\u00e7\u00e3o entre a sala de estar\u200d e o escrit\u00f3rio. Al\u00e9m disso,\u200d usar <strong>tapetes<\/strong> para demarcar \u200d\u00e1reas espec\u00edficas \u2062ajuda a definir a fun\u00e7\u00e3o \u2064de cada espa\u00e7o, trazendo consigam coes\u00e3o \u2064e conforto ao \u200bambiente.<\/p>\n<p>Por \u00faltimo, a <strong>organiza\u00e7\u00e3o vertical<\/strong> \u00e9 \u200buma estrat\u00e9gia muitas vezes subestimada. Aproveitar as paredes para instala\u00e7\u00e3o de prateleiras, \u2063ganchos \u200de \u200cpain\u00e9is pode liberar espa\u00e7o \u200bno \u2063ch\u00e3o e \u200dfornecer solu\u00e7\u00f5es de armazenamento criativas. Aqui est\u00e1 uma tabela\u2062 com algumas \u2063ideias de armazenamento vertical:<\/p>\n<table class=\"wp-block-table\">\n<tbody>\n<tr>\n<th>Item<\/th>\n<th>Uso<\/th>\n<th>Benef\u00edcio<\/th>\n<\/tr>\n<tr>\n<td>Prateleiras<\/td>\n<td>Livros, decora\u00e7\u00e3o<\/td>\n<td>Libera espa\u00e7o no \u2063ch\u00e3o<\/td>\n<\/tr>\n<tr>\n<td>Ganchos<\/td>\n<td>Chaves, utens\u00edlios<\/td>\n<td>F\u00e1cil \u2064acesso\u2063 e organiza\u00e7\u00e3o<\/td>\n<\/tr>\n<tr>\n<td>Pain\u00e9is \u2064de parede<\/td>\n<td>Ferramentas, acess\u00f3rios<\/td>\n<td>Visual limpo e pr\u00e1tico<\/td>\n<\/tr>\n<\/tbody>\n<\/table>\n<p><img decoding=\"async\" class=\"kimage_class\" src=\"http:\/\/imgah.com\/wp-content\/uploads\/2024\/10\/colher.jpg\" alt=\"-\u200c Escolha dos\u200c M\u00f3veis: Estilo e\u200c Funcionalidade em Harmonia\"><\/p>\n<h2 id=\"escolha-dos-moveis-estilo-e-funcionalidade-em-harmonia\">&#8211; \u2063Escolha dos M\u00f3veis: Estilo e Funcionalidade em Harmonia<\/h2>\n<p>Na hora \u2062de escolher os\u2062 m\u00f3veis \u2063para o seu espa\u00e7o, \u00e9 essencial encontrar um equil\u00edbrio perfeito entre estilo\u200d e funcionalidade. Os m\u00f3veis n\u00e3o\u2063 s\u00f3 devem complementar a \u2062est\u00e9tica \u200cdo \u2064ambiente, mas tamb\u00e9m \u2063atender \u00e0s suas\u2064 necessidades di\u00e1rias. Ao planejar \u200ca decora\u00e7\u00e3o, \u200bconsidere o uso de \u2062pe\u00e7as que combinem <strong>design inovador<\/strong> e praticidade, permitindo que \u200ccada elemento tenha\u200c um\u200b prop\u00f3sito bem \u2063definido.<\/p>\n<p>Uma \u200bboa estrat\u00e9gia \u00e9 \u200doptar por m\u00f3veis multifuncionais,\u2063 que\u2063 n\u00e3o apenas economizam \u2063espa\u00e7o, \u200dmas tamb\u00e9m oferecem versatilidade. Aqui est\u00e3o algumas dicas de\u2062 como integrar\u2064 esses elementos na \u200csua decora\u00e7\u00e3o:<\/p>\n<ul>\n<li><strong>Sof\u00e1s-camas:<\/strong> Ideais \u200dpara\u2063 salas pequenas \u2064ou \u2062apartamentos, estes sof\u00e1s proporcionam um lugar confort\u00e1vel para\u200c sentar e podem ser transformados \u2063em uma cama \u2063extra \u200bquando necess\u00e1rio.<\/li>\n<li><strong>M\u00f3veis com armazenamento:<\/strong> \u2062 Considere mesas de\u2064 centro\u2063 ou\u2062 bancos que\u200b incluam compartimentos\u2062 para\u2063 armazenar objetos, mantendo o\u200c ambiente organizado e \u2064livre de desordem.<\/li>\n<li><strong>Estantes\u2063 modulares:<\/strong> Permitem personalizar a disposi\u00e7\u00e3o dos livros e objetos\u2062 decorativos, garantindo que a sua decora\u00e7\u00e3o se adapte \u00e0s suas necessidades ao\u200d longo do tempo.<\/li>\n<\/ul>\n<p>A\u200d escolha\u200b das \u2063cores e\u200c materiais \u2063tamb\u00e9m desempenha um\u200d papel crucial\u200b na harmonia entre estilo\u200d e funcionalidade. Apostar \u2062em <strong>tonalidades neutras<\/strong> pode ampliar visualmente o espa\u00e7o, enquanto detalhes\u200d em cores mais\u2063 vibrantes\u200c podem acentuar a personalidade do ambiente. Abaixo,\u2062 algumas\u200c combina\u00e7\u00f5es que harmonizam \u200bperfeitamente design e praticidade:<\/p>\n<table class=\"wp-block-table\">\n<thead>\n<tr>\n<th>Cor \u2062do \u200cM\u00f3vel<\/th>\n<th>Material<\/th>\n<th>Ambiente Ideal<\/th>\n<\/tr>\n<\/thead>\n<tbody>\n<tr>\n<td>Branco<\/td>\n<td>Madeira laqueada<\/td>\n<td>Sala de Estar<\/td>\n<\/tr>\n<tr>\n<td>Preto<\/td>\n<td>Metal<\/td>\n<td>Escrit\u00f3rio Moderno<\/td>\n<\/tr>\n<tr>\n<td>Madeira Natural<\/td>\n<td>Compensado<\/td>\n<td>Quarto Aconchegante<\/td>\n<\/tr>\n<\/tbody>\n<\/table>\n<p><img decoding=\"async\" class=\"kimage_class\" src=\"http:\/\/imgah.com\/wp-content\/uploads\/2024\/10\/rojeto.jpg\" alt=\"- Ilumina\u00e7\u00e3o e Cores: Transformando Espa\u00e7os com\u2064 Simplicidade e Eleg\u00e2ncia\"><\/p>\n<h2 id=\"iluminacao-e-cores-transformando-espacos-com-simplicidade-e-elegancia\">&#8211; Ilumina\u00e7\u00e3o e \u200cCores: \u200dTransformando \u200dEspa\u00e7os com\u200d Simplicidade\u2062 e Eleg\u00e2ncia<\/h2>\n<p>A escolha da <strong>ilumina\u00e7\u00e3o<\/strong> e das \u200d <strong>cores<\/strong> pode ser um fator decisivo na\u200b transforma\u00e7\u00e3o de \u200dqualquer \u200bespa\u00e7o.\u200d Um ambiente bem iluminado n\u00e3o s\u00f3 ressalta as qualidades do design interior, mas tamb\u00e9m \u200bproporciona \u200cuma \u200csensa\u00e7\u00e3o de acolhimento\u2064 e conforto.\u2062 A combina\u00e7\u00e3o de \u200bluz natural e artificial, aliada a\u200c uma palete\u2062 de cores harmoniosa, cria \u2063uma \u2064atmosfera que pode variar\u2063 do aconchegante ao \u2064sofisticado. Considere o uso de\u2064 l\u00e2mpadas com\u2063 diferentes intensidades e, para \u200das cores,\u2064 opte \u2062por tons\u200d que proporcionem uma sensa\u00e7\u00e3o \u2064de amplitude.<\/p>\n<p>As cores\u200c quentes, como <strong>vermelho<\/strong> \u2062 e \u2062 <strong>laranja<\/strong>, s\u00e3o ideais para \u2062espa\u00e7os sociais, \u200cpois estimulam a \u2062conversa e\u2063 a\u200b intera\u00e7\u00e3o. Em contrapartida, os\u200c tons \u2064frios, como <strong>azul<\/strong> e <strong>verde<\/strong>, promovem uma\u200b sensa\u00e7\u00e3o de\u200d tranquilidade, fazendo deles op\u00e7\u00f5es perfeitas para quartos\u2064 e escrit\u00f3rios. \u200dAo escolher a palete \u200cde cores, lembre-se de \u2064equilibrar os\u2063 elementos do\u200b ambiente, mesclando:<\/p>\n<ul>\n<li><strong>Paredes<\/strong> \u200d com \u200bcores neutras \u200dpara um fundo cl\u00e1ssico;<\/li>\n<li><strong>Elementos de decora\u00e7\u00e3o<\/strong> em\u2063 tons vibrantes que \u200cse destacam;<\/li>\n<li><strong>Acess\u00f3rios<\/strong> que complementam \u200bo \u200dtema\u200d escolhido.<\/li>\n<\/ul>\n<p>Uma dica\u2064 interessante \u00e9 criar uma tabela de \u200dcores com exemplos pr\u00e1ticos que podem ser aplicados nesses ambientes.\u2062 Assim, fica\u200b mais \u200cf\u00e1cil visualizar as\u2063 combina\u00e7\u00f5es e se \u200dinspirar:<\/p>\n<table class=\"wp-block-table\">\n<thead>\n<tr>\n<th>Ambiente<\/th>\n<th>Cores \u2064Sugeridas<\/th>\n<th>Ilumina\u00e7\u00e3o Ideal<\/th>\n<\/tr>\n<\/thead>\n<tbody>\n<tr>\n<td>Sala de \u200dEstar<\/td>\n<td>Bege, Terracota<\/td>\n<td>Luz Quente<\/td>\n<\/tr>\n<tr>\n<td>Quarto<\/td>\n<td>Azul Claro, Lavanda<\/td>\n<td>Luz \u200dFria<\/td>\n<\/tr>\n<tr>\n<td>Cozinha<\/td>\n<td>Amarelo, Verde<\/td>\n<td>Luz \u200dNeutra<\/td>\n<\/tr>\n<\/tbody>\n<\/table>\n<p>Por fim,\u200d ao\u2064 planejar a ilumina\u00e7\u00e3o, lembre-se de utilizar <strong>dimmer switches<\/strong> em l\u00e2mpadas \u200cLED, permitindo \u200dum controle din\u00e2mico \u200cda intensidade da luz,\u200d o que pode mudar \u2064completamente o ambiente de acordo\u2063 com \u2064a necessidade\u200b do momento. Essa \u200dsimetria entre luz\u200b e\u2062 cores pode traduzir a sua\u200d personalidade \u2062e \u200cestilo, transformando\u2063 um espa\u00e7o comum em um \u2062local realmente inspirador.<\/p>\n<h2 id=\"outro\">Em\u2064 resumo<\/h2>\n<p>Ao concluir essa jornada pelo mundo da decora\u00e7\u00e3o e \u2062organiza\u00e7\u00e3o, esperamos que as dicas compartilhadas tenham inspirado voc\u00ea a transformar seu espa\u00e7o em\u2064 um ambiente n\u00e3o \u2063s\u00f3 bonito,\u200b mas tamb\u00e9m funcional. Lembre-se \u200bde que\u200d cada canto da\u2064 sua casa pode refletir a sua\u200b personalidade e atender \u00e0s \u200csuas necessidades, bastando\u2062 um pouco de criatividade e\u200c planejamento. <\/p>\n<p>A \u2063organiza\u00e7\u00e3o\u200d \u00e9 a\u200d chave que abre\u200d as portas para um\u2062 cotidiano \u2062mais pr\u00e1tico e\u200b harmonioso. Experimente, adapte \u200ce utilize as sugest\u00f5es\u2062 apresentadas como \u200cum \u2064ponto de partida \u200cpara criar um lar \u200bque\u200c seja verdadeiramente \u2063seu. \u200cAfinal, a verdadeira magia da decora\u00e7\u00e3o est\u00e1 \u2064em encontrar o equil\u00edbrio entre \u2063est\u00e9tica e funcionalidade.\u200c <\/p>\n<p>Agora, \u200b\u00e9 hora de\u2064 colocar a m\u00e3o na \u2064massa \u2062e dar vida \u00e0s ideias! Que a\u2063 sua \u200dcasa se torne um ref\u00fagio acolhedor e bem organizado, onde cada \u2063espa\u00e7o \u00e9 pensado para facilitar a sua rotina.\u2063 Boa sorte e boas\u2063 cria\u00e7\u00f5es! <\/p>\n","protected":false},"excerpt":{"rendered":"<p>Organizar seu espa\u00e7o n\u00e3o \u00e9 apenas uma quest\u00e3o de est\u00e9tica, mas tamb\u00e9m de funcionalidade. Aposte em prateleiras abertas para otimizar armazenamento e use cores suaves para ampliar ambientes. Pequenos detalhes, como cestas e organizadores, fazem toda a diferen\u00e7a!<\/p>\n","protected":false},"author":1,"featured_media":180,"comment_status":"open","ping_status":"open","sticky":false,"template":"","format":"standard","meta":{"footnotes":""},"categories":[2],"tags":[],"class_list":["post-176","post","type-post","status-publish","format-standard","has-post-thumbnail","hentry","category-decoracao-e-organizacao"],"yoast_head":"<!-- This site is optimized with the Yoast SEO plugin v27.5 - https:\/\/yoast.com\/product\/yoast-seo-wordpress\/ -->\n<title>Dicas de Decora\u00e7\u00e3o: Como Organizar Seu Espa\u00e7o e Torn\u00e1-lo Funcional! - Mestre Digital<\/title>\n<meta name=\"robots\" content=\"index, follow, max-snippet:-1, max-image-preview:large, max-video-preview:-1\" \/>\n<link rel=\"canonical\" href=\"https:\/\/imgah.com\/?p=176\" \/>\n<meta property=\"og:locale\" content=\"pt_BR\" \/>\n<meta property=\"og:type\" content=\"article\" \/>\n<meta property=\"og:title\" content=\"Dicas de Decora\u00e7\u00e3o: Como Organizar Seu Espa\u00e7o e Torn\u00e1-lo Funcional! - Mestre Digital\" \/>\n<meta property=\"og:description\" content=\"Organizar seu espa\u00e7o n\u00e3o \u00e9 apenas uma quest\u00e3o de est\u00e9tica, mas tamb\u00e9m de funcionalidade. Aposte em prateleiras abertas para otimizar armazenamento e use cores suaves para ampliar ambientes. Pequenos detalhes, como cestas e organizadores, fazem toda a diferen\u00e7a!\" \/>\n<meta property=\"og:url\" content=\"https:\/\/imgah.com\/?p=176\" \/>\n<meta property=\"og:site_name\" content=\"Mestre Digital\" \/>\n<meta property=\"article:published_time\" content=\"2024-09-03T02:03:47+00:00\" \/>\n<meta property=\"og:image\" content=\"http:\/\/imgah.com\/wp-content\/uploads\/2024\/10\/SPAOS1.jpg\" \/>\n<meta name=\"author\" content=\"Admin Lima\" \/>\n<meta name=\"twitter:card\" content=\"summary_large_image\" \/>\n<meta name=\"twitter:label1\" content=\"Escrito por\" \/>\n\t<meta name=\"twitter:data1\" content=\"Admin Lima\" \/>\n\t<meta name=\"twitter:label2\" content=\"Est. tempo de leitura\" \/>\n\t<meta name=\"twitter:data2\" content=\"7 minutos\" \/>\n<script type=\"application\/ld+json\" class=\"yoast-schema-graph\">{\"@context\":\"https:\\\/\\\/schema.org\",\"@graph\":[{\"@type\":\"Article\",\"@id\":\"https:\\\/\\\/imgah.com\\\/?p=176#article\",\"isPartOf\":{\"@id\":\"https:\\\/\\\/imgah.com\\\/?p=176\"},\"author\":{\"name\":\"Admin Lima\",\"@id\":\"https:\\\/\\\/imgah.com\\\/#\\\/schema\\\/person\\\/1b27146518610cab0c000aacd200a256\"},\"headline\":\"Dicas de Decora\u00e7\u00e3o: Como Organizar Seu Espa\u00e7o e Torn\u00e1-lo Funcional!\",\"datePublished\":\"2024-09-03T02:03:47+00:00\",\"mainEntityOfPage\":{\"@id\":\"https:\\\/\\\/imgah.com\\\/?p=176\"},\"wordCount\":1451,\"commentCount\":0,\"image\":{\"@id\":\"https:\\\/\\\/imgah.com\\\/?p=176#primaryimage\"},\"thumbnailUrl\":\"https:\\\/\\\/imgah.com\\\/wp-content\\\/uploads\\\/2024\\\/10\\\/176-dicas-de-decoracao-como-organizar-seu-espaco-e-torna-lo-funcional.jpg\",\"articleSection\":[\"Decora\u00e7\u00e3o e Organiza\u00e7\u00e3o\"],\"inLanguage\":\"pt-BR\",\"potentialAction\":[{\"@type\":\"CommentAction\",\"name\":\"Comment\",\"target\":[\"https:\\\/\\\/imgah.com\\\/?p=176#respond\"]}]},{\"@type\":\"WebPage\",\"@id\":\"https:\\\/\\\/imgah.com\\\/?p=176\",\"url\":\"https:\\\/\\\/imgah.com\\\/?p=176\",\"name\":\"Dicas de Decora\u00e7\u00e3o: Como Organizar Seu Espa\u00e7o e Torn\u00e1-lo Funcional! - Mestre Digital\",\"isPartOf\":{\"@id\":\"https:\\\/\\\/imgah.com\\\/#website\"},\"primaryImageOfPage\":{\"@id\":\"https:\\\/\\\/imgah.com\\\/?p=176#primaryimage\"},\"image\":{\"@id\":\"https:\\\/\\\/imgah.com\\\/?p=176#primaryimage\"},\"thumbnailUrl\":\"https:\\\/\\\/imgah.com\\\/wp-content\\\/uploads\\\/2024\\\/10\\\/176-dicas-de-decoracao-como-organizar-seu-espaco-e-torna-lo-funcional.jpg\",\"datePublished\":\"2024-09-03T02:03:47+00:00\",\"author\":{\"@id\":\"https:\\\/\\\/imgah.com\\\/#\\\/schema\\\/person\\\/1b27146518610cab0c000aacd200a256\"},\"breadcrumb\":{\"@id\":\"https:\\\/\\\/imgah.com\\\/?p=176#breadcrumb\"},\"inLanguage\":\"pt-BR\",\"potentialAction\":[{\"@type\":\"ReadAction\",\"target\":[\"https:\\\/\\\/imgah.com\\\/?p=176\"]}]},{\"@type\":\"ImageObject\",\"inLanguage\":\"pt-BR\",\"@id\":\"https:\\\/\\\/imgah.com\\\/?p=176#primaryimage\",\"url\":\"https:\\\/\\\/imgah.com\\\/wp-content\\\/uploads\\\/2024\\\/10\\\/176-dicas-de-decoracao-como-organizar-seu-espaco-e-torna-lo-funcional.jpg\",\"contentUrl\":\"https:\\\/\\\/imgah.com\\\/wp-content\\\/uploads\\\/2024\\\/10\\\/176-dicas-de-decoracao-como-organizar-seu-espaco-e-torna-lo-funcional.jpg\",\"width\":1170,\"height\":685,\"caption\":\"Dicas de Decora\u00e7\u00e3o: Como Organizar Seu Espa\u00e7o e Torn\u00e1-lo Funcional!\"},{\"@type\":\"BreadcrumbList\",\"@id\":\"https:\\\/\\\/imgah.com\\\/?p=176#breadcrumb\",\"itemListElement\":[{\"@type\":\"ListItem\",\"position\":1,\"name\":\"Home\",\"item\":\"https:\\\/\\\/imgah.com\\\/\"},{\"@type\":\"ListItem\",\"position\":2,\"name\":\"Dicas de Decora\u00e7\u00e3o: Como Organizar Seu Espa\u00e7o e Torn\u00e1-lo Funcional!\"}]},{\"@type\":\"WebSite\",\"@id\":\"https:\\\/\\\/imgah.com\\\/#website\",\"url\":\"https:\\\/\\\/imgah.com\\\/\",\"name\":\"Mestre Digital\",\"description\":\"Explorando o futuro\",\"potentialAction\":[{\"@type\":\"SearchAction\",\"target\":{\"@type\":\"EntryPoint\",\"urlTemplate\":\"https:\\\/\\\/imgah.com\\\/?s={search_term_string}\"},\"query-input\":{\"@type\":\"PropertyValueSpecification\",\"valueRequired\":true,\"valueName\":\"search_term_string\"}}],\"inLanguage\":\"pt-BR\"},{\"@type\":\"Person\",\"@id\":\"https:\\\/\\\/imgah.com\\\/#\\\/schema\\\/person\\\/1b27146518610cab0c000aacd200a256\",\"name\":\"Admin Lima\",\"image\":{\"@type\":\"ImageObject\",\"inLanguage\":\"pt-BR\",\"@id\":\"https:\\\/\\\/secure.gravatar.com\\\/avatar\\\/df82b7dab06f01b8a3c9e7d865e21bf546c13ef96c8fa69f7335948aa6a42e0f?s=96&d=mm&r=g\",\"url\":\"https:\\\/\\\/secure.gravatar.com\\\/avatar\\\/df82b7dab06f01b8a3c9e7d865e21bf546c13ef96c8fa69f7335948aa6a42e0f?s=96&d=mm&r=g\",\"contentUrl\":\"https:\\\/\\\/secure.gravatar.com\\\/avatar\\\/df82b7dab06f01b8a3c9e7d865e21bf546c13ef96c8fa69f7335948aa6a42e0f?s=96&d=mm&r=g\",\"caption\":\"Admin Lima\"},\"sameAs\":[\"https:\\\/\\\/imgah.com\"]}]}<\/script>\n<!-- \/ Yoast SEO plugin. -->","yoast_head_json":{"title":"Dicas de Decora\u00e7\u00e3o: Como Organizar Seu Espa\u00e7o e Torn\u00e1-lo Funcional! - Mestre Digital","robots":{"index":"index","follow":"follow","max-snippet":"max-snippet:-1","max-image-preview":"max-image-preview:large","max-video-preview":"max-video-preview:-1"},"canonical":"https:\/\/imgah.com\/?p=176","og_locale":"pt_BR","og_type":"article","og_title":"Dicas de Decora\u00e7\u00e3o: Como Organizar Seu Espa\u00e7o e Torn\u00e1-lo Funcional! - Mestre Digital","og_description":"Organizar seu espa\u00e7o n\u00e3o \u00e9 apenas uma quest\u00e3o de est\u00e9tica, mas tamb\u00e9m de funcionalidade. Aposte em prateleiras abertas para otimizar armazenamento e use cores suaves para ampliar ambientes. Pequenos detalhes, como cestas e organizadores, fazem toda a diferen\u00e7a!","og_url":"https:\/\/imgah.com\/?p=176","og_site_name":"Mestre Digital","article_published_time":"2024-09-03T02:03:47+00:00","og_image":[{"url":"http:\/\/imgah.com\/wp-content\/uploads\/2024\/10\/SPAOS1.jpg","type":"","width":"","height":""}],"author":"Admin Lima","twitter_card":"summary_large_image","twitter_misc":{"Escrito por":"Admin Lima","Est. tempo de leitura":"7 minutos"},"schema":{"@context":"https:\/\/schema.org","@graph":[{"@type":"Article","@id":"https:\/\/imgah.com\/?p=176#article","isPartOf":{"@id":"https:\/\/imgah.com\/?p=176"},"author":{"name":"Admin Lima","@id":"https:\/\/imgah.com\/#\/schema\/person\/1b27146518610cab0c000aacd200a256"},"headline":"Dicas de Decora\u00e7\u00e3o: Como Organizar Seu Espa\u00e7o e Torn\u00e1-lo Funcional!","datePublished":"2024-09-03T02:03:47+00:00","mainEntityOfPage":{"@id":"https:\/\/imgah.com\/?p=176"},"wordCount":1451,"commentCount":0,"image":{"@id":"https:\/\/imgah.com\/?p=176#primaryimage"},"thumbnailUrl":"https:\/\/imgah.com\/wp-content\/uploads\/2024\/10\/176-dicas-de-decoracao-como-organizar-seu-espaco-e-torna-lo-funcional.jpg","articleSection":["Decora\u00e7\u00e3o e Organiza\u00e7\u00e3o"],"inLanguage":"pt-BR","potentialAction":[{"@type":"CommentAction","name":"Comment","target":["https:\/\/imgah.com\/?p=176#respond"]}]},{"@type":"WebPage","@id":"https:\/\/imgah.com\/?p=176","url":"https:\/\/imgah.com\/?p=176","name":"Dicas de Decora\u00e7\u00e3o: Como Organizar Seu Espa\u00e7o e Torn\u00e1-lo Funcional! - Mestre Digital","isPartOf":{"@id":"https:\/\/imgah.com\/#website"},"primaryImageOfPage":{"@id":"https:\/\/imgah.com\/?p=176#primaryimage"},"image":{"@id":"https:\/\/imgah.com\/?p=176#primaryimage"},"thumbnailUrl":"https:\/\/imgah.com\/wp-content\/uploads\/2024\/10\/176-dicas-de-decoracao-como-organizar-seu-espaco-e-torna-lo-funcional.jpg","datePublished":"2024-09-03T02:03:47+00:00","author":{"@id":"https:\/\/imgah.com\/#\/schema\/person\/1b27146518610cab0c000aacd200a256"},"breadcrumb":{"@id":"https:\/\/imgah.com\/?p=176#breadcrumb"},"inLanguage":"pt-BR","potentialAction":[{"@type":"ReadAction","target":["https:\/\/imgah.com\/?p=176"]}]},{"@type":"ImageObject","inLanguage":"pt-BR","@id":"https:\/\/imgah.com\/?p=176#primaryimage","url":"https:\/\/imgah.com\/wp-content\/uploads\/2024\/10\/176-dicas-de-decoracao-como-organizar-seu-espaco-e-torna-lo-funcional.jpg","contentUrl":"https:\/\/imgah.com\/wp-content\/uploads\/2024\/10\/176-dicas-de-decoracao-como-organizar-seu-espaco-e-torna-lo-funcional.jpg","width":1170,"height":685,"caption":"Dicas de Decora\u00e7\u00e3o: Como Organizar Seu Espa\u00e7o e Torn\u00e1-lo Funcional!"},{"@type":"BreadcrumbList","@id":"https:\/\/imgah.com\/?p=176#breadcrumb","itemListElement":[{"@type":"ListItem","position":1,"name":"Home","item":"https:\/\/imgah.com\/"},{"@type":"ListItem","position":2,"name":"Dicas de Decora\u00e7\u00e3o: Como Organizar Seu Espa\u00e7o e Torn\u00e1-lo Funcional!"}]},{"@type":"WebSite","@id":"https:\/\/imgah.com\/#website","url":"https:\/\/imgah.com\/","name":"Mestre Digital","description":"Explorando o futuro","potentialAction":[{"@type":"SearchAction","target":{"@type":"EntryPoint","urlTemplate":"https:\/\/imgah.com\/?s={search_term_string}"},"query-input":{"@type":"PropertyValueSpecification","valueRequired":true,"valueName":"search_term_string"}}],"inLanguage":"pt-BR"},{"@type":"Person","@id":"https:\/\/imgah.com\/#\/schema\/person\/1b27146518610cab0c000aacd200a256","name":"Admin Lima","image":{"@type":"ImageObject","inLanguage":"pt-BR","@id":"https:\/\/secure.gravatar.com\/avatar\/df82b7dab06f01b8a3c9e7d865e21bf546c13ef96c8fa69f7335948aa6a42e0f?s=96&d=mm&r=g","url":"https:\/\/secure.gravatar.com\/avatar\/df82b7dab06f01b8a3c9e7d865e21bf546c13ef96c8fa69f7335948aa6a42e0f?s=96&d=mm&r=g","contentUrl":"https:\/\/secure.gravatar.com\/avatar\/df82b7dab06f01b8a3c9e7d865e21bf546c13ef96c8fa69f7335948aa6a42e0f?s=96&d=mm&r=g","caption":"Admin Lima"},"sameAs":["https:\/\/imgah.com"]}]}},"_links":{"self":[{"href":"https:\/\/imgah.com\/index.php?rest_route=\/wp\/v2\/posts\/176","targetHints":{"allow":["GET"]}}],"collection":[{"href":"https:\/\/imgah.com\/index.php?rest_route=\/wp\/v2\/posts"}],"about":[{"href":"https:\/\/imgah.com\/index.php?rest_route=\/wp\/v2\/types\/post"}],"author":[{"embeddable":true,"href":"https:\/\/imgah.com\/index.php?rest_route=\/wp\/v2\/users\/1"}],"replies":[{"embeddable":true,"href":"https:\/\/imgah.com\/index.php?rest_route=%2Fwp%2Fv2%2Fcomments&post=176"}],"version-history":[{"count":1,"href":"https:\/\/imgah.com\/index.php?rest_route=\/wp\/v2\/posts\/176\/revisions"}],"predecessor-version":[{"id":284,"href":"https:\/\/imgah.com\/index.php?rest_route=\/wp\/v2\/posts\/176\/revisions\/284"}],"wp:featuredmedia":[{"embeddable":true,"href":"https:\/\/imgah.com\/index.php?rest_route=\/wp\/v2\/media\/180"}],"wp:attachment":[{"href":"https:\/\/imgah.com\/index.php?rest_route=%2Fwp%2Fv2%2Fmedia&parent=176"}],"wp:term":[{"taxonomy":"category","embeddable":true,"href":"https:\/\/imgah.com\/index.php?rest_route=%2Fwp%2Fv2%2Fcategories&post=176"},{"taxonomy":"post_tag","embeddable":true,"href":"https:\/\/imgah.com\/index.php?rest_route=%2Fwp%2Fv2%2Ftags&post=176"}],"curies":[{"name":"wp","href":"https:\/\/api.w.org\/{rel}","templated":true}]}}